{"id":1242,"date":"2025-04-29T13:23:16","date_gmt":"2025-04-29T18:23:16","guid":{"rendered":"https:\/\/www.themediamgroup.com\/blog\/?p=1242"},"modified":"2025-04-29T14:31:30","modified_gmt":"2025-04-29T19:31:30","slug":"diego-camacho-stern-power-tv-by-mediam","status":"publish","type":"post","link":"https:\/\/www.themediamgroup.com\/blog\/blog\/diego-camacho-stern-power-tv-by-mediam\/","title":{"rendered":"Diego Camacho Stern se suma a Mediam by Aleph como nuevo Head of Sales Power TV Latam"},"content":{"rendered":"\n<p><strong>Con m\u00e1s de 14 a\u00f1os de experiencia en CPG, ecommerce y medios digitales, Diego liderar\u00e1 la estrategia comercial y el desarrollo de Power TV en la regi\u00f3n.<\/strong><\/p>\n\n\n\n<hr class=\"wp-block-separator has-alpha-channel-opacity\"\/>\n\n\n\n<p><strong>Ciudad de M\u00e9xico, abril de 2025<\/strong> \u2014 <em>Mediam by Aleph<\/em>, la compa\u00f1\u00eda l\u00edder en soluciones publicitarias en CTV en Am\u00e9rica Latina, anuncia la incorporaci\u00f3n de <strong>Diego Camacho Stern<\/strong> como nuevo <strong>Head of Sales, Power TV Latam<\/strong>. Con base en M\u00e9xico, Diego ser\u00e1 responsable de fortalecer el posicionamiento regional de la compa\u00f1\u00eda y liderar la estrategia comercial de Power TV, la soluci\u00f3n propietaria de Mediam para maximizar la efectividad publicitaria en Connected TV.<\/p>\n\n\n\n<p>Con una destacada trayectoria en compa\u00f1\u00edas como RTB House, Rappi, Linio y Procter &amp; Gamble, Diego ha demostrado una s\u00f3lida capacidad para dise\u00f1ar y ejecutar estrategias comerciales exitosas, liderar equipos de alto desempe\u00f1o y generar crecimiento sostenible en diversos mercados de Am\u00e9rica Latina.<\/p>\n\n\n\n<blockquote class=\"wp-block-quote is-layout-flow wp-block-quote-is-layout-flow\">\n<p>\u201cLa incorporaci\u00f3n de Diego refuerza nuestra apuesta por el talento regional y por seguir impulsando soluciones innovadoras en el ecosistema CTV. Su visi\u00f3n estrat\u00e9gica, experiencia y liderazgo comercial ser\u00e1n clave para seguir consolidando a Mediam by Aleph y Power TV como referentes de la industria en CTV en LATAM\u201d, coment\u00f3 Alberto \u00c1lvarez, CEO de Mediam by Aleph.<\/p>\n<\/blockquote>\n\n\n\n<p>Desde su nuevo rol, Diego liderar\u00e1 iniciativas clave para acelerar la adopci\u00f3n de Power TV, <em>la<\/em><em> soluci\u00f3n de Mediam by Aleph de pauta directa multiplataformas en CTV que optimiza la publicidad mediante segmentaci\u00f3n avanzada y an\u00e1lisis de datos para entregar resultados medibles de brandformance. <\/em>Camacho, tambi\u00e9n tendr\u00e1 como misi\u00f3n elevar la experiencia de los anunciantes y agencias en la regi\u00f3n y abrir nuevas oportunidades de negocio con un enfoque estrat\u00e9gico y orientado a resultados.<\/p>\n\n\n\n<p>Diego es Ingeniero Industrial y de Sistemas por el Tecnol\u00f3gico de Monterrey, y cuenta con formaci\u00f3n especializada en liderazgo de equipos, finanzas para directivos e inteligencia artificial aplicada a la gesti\u00f3n comercial.<\/p>\n\n\n\n<p>El equipo de <em>Mediam by Aleph<\/em> est\u00e1 muy entusiasmado con su llegada y con todo lo que tiene para aportar para toda la regi\u00f3n. Su incorporaci\u00f3n marca un nuevo cap\u00edtulo en la misi\u00f3n de la empresa de liderar la transformaci\u00f3n del ecosistema CTV en Am\u00e9rica Latina.<\/p>\n\n\n\n<p><em>CTV is now and we are making happen for advertisers<\/em><\/p>\n\n\n\n<p><em>Mediam Group by Aleph<\/em><\/p>\n\n\n\n<h3 class=\"wp-block-heading\"><strong>Sobre Mediam by Aleph<\/strong><\/h3>\n\n\n\n<p><strong>Mediam by Aleph<\/strong> compa\u00f1\u00eda lider en soluciones especializadas en publicidad digital en <strong>Connected TV (CTV)<\/strong>. Como parte de <strong>Aleph Holding<\/strong>, Mediam ayuda a marcas y anunciantes a maximizar el impacto de sus campa\u00f1as publicitarias en CTV, ofreciendo estrategias innovadoras,con su red de <strong>CTV Mediam Partners<\/strong>, basadas en datos y formatos de alta efectividad.<\/p>\n\n\n\n<div class=\"wp-block-group is-vertical is-layout-flex wp-container-core-group-is-layout-1 wp-block-group-is-layout-flex\">\n<p><strong>PR Contact Mediam By Aleph:\u00a0<\/strong><\/p>\n\n\n\n<p>Isabella G\u00f3mez\u00a0<\/p>\n\n\n\n<p>isabella.gomez@themediamgroup.com<\/p>\n<\/div>\n\n\n\n<p><\/p>\n","protected":false},"excerpt":{"rendered":"<p>Con m\u00e1s de 14 a\u00f1os de experiencia en CPG, ecommerce y medios digitales, Diego liderar\u00e1 la estrategia comercial y el desarrollo de Power TV en la regi\u00f3n. Ciudad de M\u00e9xico, abril de 2025 \u2014 Mediam by Aleph, la compa\u00f1\u00eda l\u00edder en soluciones publicitarias en CTV en Am\u00e9rica Latina, anuncia la incorporaci\u00f3n de Diego Camacho Stern [&hellip;]<\/p>\n","protected":false},"author":4,"featured_media":1249,"comment_status":"closed","ping_status":"closed","sticky":false,"template":"","format":"standard","meta":{"ocean_post_layout":"","ocean_both_sidebars_style":"","ocean_both_sidebars_content_width":0,"ocean_both_sidebars_sidebars_width":0,"ocean_sidebar":"","ocean_second_sidebar":"","ocean_disable_margins":"enable","ocean_add_body_class":"","ocean_shortcode_before_top_bar":"","ocean_shortcode_after_top_bar":"","ocean_shortcode_before_header":"","ocean_shortcode_after_header":"","ocean_has_shortcode":"","ocean_shortcode_after_title":"","ocean_shortcode_before_footer_widgets":"","ocean_shortcode_after_footer_widgets":"","ocean_shortcode_before_footer_bottom":"","ocean_shortcode_after_footer_bottom":"","ocean_display_top_bar":"default","ocean_display_header":"default","ocean_header_style":"","ocean_center_header_left_menu":"","ocean_custom_header_template":"","ocean_custom_logo":0,"ocean_custom_retina_logo":0,"ocean_custom_logo_max_width":0,"ocean_custom_logo_tablet_max_width":0,"ocean_custom_logo_mobile_max_width":0,"ocean_custom_logo_max_height":0,"ocean_custom_logo_tablet_max_height":0,"ocean_custom_logo_mobile_max_height":0,"ocean_header_custom_menu":"","ocean_menu_typo_font_family":"","ocean_menu_typo_font_subset":"","ocean_menu_typo_font_size":0,"ocean_menu_typo_font_size_tablet":0,"ocean_menu_typo_font_size_mobile":0,"ocean_menu_typo_font_size_unit":"px","ocean_menu_typo_font_weight":"","ocean_menu_typo_font_weight_tablet":"","ocean_menu_typo_font_weight_mobile":"","ocean_menu_typo_transform":"","ocean_menu_typo_transform_tablet":"","ocean_menu_typo_transform_mobile":"","ocean_menu_typo_line_height":0,"ocean_menu_typo_line_height_tablet":0,"ocean_menu_typo_line_height_mobile":0,"ocean_menu_typo_line_height_unit":"","ocean_menu_typo_spacing":0,"ocean_menu_typo_spacing_tablet":0,"ocean_menu_typo_spacing_mobile":0,"ocean_menu_typo_spacing_unit":"","ocean_menu_link_color":"","ocean_menu_link_color_hover":"","ocean_menu_link_color_active":"","ocean_menu_link_background":"","ocean_menu_link_hover_background":"","ocean_menu_link_active_background":"","ocean_menu_social_links_bg":"","ocean_menu_social_hover_links_bg":"","ocean_menu_social_links_color":"","ocean_menu_social_hover_links_color":"","ocean_disable_title":"default","ocean_disable_heading":"default","ocean_post_title":"","ocean_post_subheading":"","ocean_post_title_style":"","ocean_post_title_background_color":"","ocean_post_title_background":0,"ocean_post_title_bg_image_position":"","ocean_post_title_bg_image_attachment":"","ocean_post_title_bg_image_repeat":"","ocean_post_title_bg_image_size":"","ocean_post_title_height":0,"ocean_post_title_bg_overlay":0.5,"ocean_post_title_bg_overlay_color":"","ocean_disable_breadcrumbs":"default","ocean_breadcrumbs_color":"","ocean_breadcrumbs_separator_color":"","ocean_breadcrumbs_links_color":"","ocean_breadcrumbs_links_hover_color":"","ocean_display_footer_widgets":"default","ocean_display_footer_bottom":"default","ocean_custom_footer_template":"","ocean_post_oembed":"","ocean_post_self_hosted_media":"","ocean_post_video_embed":"","ocean_link_format":"","ocean_link_format_target":"self","ocean_quote_format":"","ocean_quote_format_link":"post","ocean_gallery_link_images":"on","ocean_gallery_id":[],"footnotes":""},"categories":[4,29],"tags":[],"class_list":["post-1242","post","type-post","status-publish","format-standard","has-post-thumbnail","hentry","category-blog","category-noticias","entry","has-media"],"yoast_head":"<!-- This site is optimized with the Yoast SEO plugin v24.5 - https:\/\/yoast.com\/wordpress\/plugins\/seo\/ -->\n<title>Diego Camacho Stern se suma a Mediam by Aleph como nuevo Head of Sales Power TV Latam - Blog - The Mediam Group by Aleph<\/title>\n<meta name=\"robots\" content=\"index, follow, max-snippet:-1, max-image-preview:large, max-video-preview:-1\" \/>\n<link rel=\"canonical\" href=\"https:\/\/www.themediamgroup.com\/blog\/blog\/diego-camacho-stern-power-tv-by-mediam\/\" \/>\n<meta property=\"og:locale\" content=\"es_ES\" \/>\n<meta property=\"og:type\" content=\"article\" \/>\n<meta property=\"og:title\" content=\"Diego Camacho Stern se suma a Mediam by Aleph como nuevo Head of Sales Power TV Latam - Blog - The Mediam Group by Aleph\" \/>\n<meta property=\"og:description\" content=\"Con m\u00e1s de 14 a\u00f1os de experiencia en CPG, ecommerce y medios digitales, Diego liderar\u00e1 la estrategia comercial y el desarrollo de Power TV en la regi\u00f3n. Ciudad de M\u00e9xico, abril de 2025 \u2014 Mediam by Aleph, la compa\u00f1\u00eda l\u00edder en soluciones publicitarias en CTV en Am\u00e9rica Latina, anuncia la incorporaci\u00f3n de Diego Camacho Stern [&hellip;]\" \/>\n<meta property=\"og:url\" content=\"https:\/\/www.themediamgroup.com\/blog\/blog\/diego-camacho-stern-power-tv-by-mediam\/\" \/>\n<meta property=\"og:site_name\" content=\"Blog - The Mediam Group by Aleph\" \/>\n<meta property=\"article:publisher\" content=\"https:\/\/www.facebook.com\/themediamgroup\/\" \/>\n<meta property=\"article:published_time\" content=\"2025-04-29T18:23:16+00:00\" \/>\n<meta property=\"article:modified_time\" content=\"2025-04-29T19:31:30+00:00\" \/>\n<meta property=\"og:image\" content=\"https:\/\/www.themediamgroup.com\/blog\/wp-content\/uploads\/2025\/04\/Banner_-Diego-Camacho-copia-1.webp\" \/>\n\t<meta property=\"og:image:width\" content=\"1200\" \/>\n\t<meta property=\"og:image:height\" content=\"800\" \/>\n\t<meta property=\"og:image:type\" content=\"image\/webp\" \/>\n<meta name=\"author\" content=\"Michelle Barrera\" \/>\n<meta name=\"twitter:card\" content=\"summary_large_image\" \/>\n<meta name=\"twitter:creator\" content=\"@MediamGroup\" \/>\n<meta name=\"twitter:site\" content=\"@MediamGroup\" \/>\n<meta name=\"twitter:label1\" content=\"Escrito por\" \/>\n\t<meta name=\"twitter:data1\" content=\"Michelle Barrera\" \/>\n\t<meta name=\"twitter:label2\" content=\"Tiempo de lectura\" \/>\n\t<meta name=\"twitter:data2\" content=\"2 minutos\" \/>\n<script type=\"application\/ld+json\" class=\"yoast-schema-graph\">{\"@context\":\"https:\/\/schema.org\",\"@graph\":[{\"@type\":\"Article\",\"@id\":\"https:\/\/www.themediamgroup.com\/blog\/blog\/diego-camacho-stern-power-tv-by-mediam\/#article\",\"isPartOf\":{\"@id\":\"https:\/\/www.themediamgroup.com\/blog\/blog\/diego-camacho-stern-power-tv-by-mediam\/\"},\"author\":{\"name\":\"Michelle Barrera\",\"@id\":\"https:\/\/www.themediamgroup.com\/blog\/#\/schema\/person\/26d8d651ed2e6c25ef431ac6f6a8320c\"},\"headline\":\"Diego Camacho Stern se suma a Mediam by Aleph como nuevo Head of Sales Power TV Latam\",\"datePublished\":\"2025-04-29T18:23:16+00:00\",\"dateModified\":\"2025-04-29T19:31:30+00:00\",\"mainEntityOfPage\":{\"@id\":\"https:\/\/www.themediamgroup.com\/blog\/blog\/diego-camacho-stern-power-tv-by-mediam\/\"},\"wordCount\":488,\"publisher\":{\"@id\":\"https:\/\/www.themediamgroup.com\/blog\/#organization\"},\"image\":{\"@id\":\"https:\/\/www.themediamgroup.com\/blog\/blog\/diego-camacho-stern-power-tv-by-mediam\/#primaryimage\"},\"thumbnailUrl\":\"https:\/\/www.themediamgroup.com\/blog\/wp-content\/uploads\/2025\/04\/Banner_-Diego-Camacho-copia-1.webp\",\"articleSection\":[\"Blog\",\"Noticias\"],\"inLanguage\":\"es\"},{\"@type\":\"WebPage\",\"@id\":\"https:\/\/www.themediamgroup.com\/blog\/blog\/diego-camacho-stern-power-tv-by-mediam\/\",\"url\":\"https:\/\/www.themediamgroup.com\/blog\/blog\/diego-camacho-stern-power-tv-by-mediam\/\",\"name\":\"Diego Camacho Stern se suma a Mediam by Aleph como nuevo Head of Sales Power TV Latam - Blog - The Mediam Group by Aleph\",\"isPartOf\":{\"@id\":\"https:\/\/www.themediamgroup.com\/blog\/#website\"},\"primaryImageOfPage\":{\"@id\":\"https:\/\/www.themediamgroup.com\/blog\/blog\/diego-camacho-stern-power-tv-by-mediam\/#primaryimage\"},\"image\":{\"@id\":\"https:\/\/www.themediamgroup.com\/blog\/blog\/diego-camacho-stern-power-tv-by-mediam\/#primaryimage\"},\"thumbnailUrl\":\"https:\/\/www.themediamgroup.com\/blog\/wp-content\/uploads\/2025\/04\/Banner_-Diego-Camacho-copia-1.webp\",\"datePublished\":\"2025-04-29T18:23:16+00:00\",\"dateModified\":\"2025-04-29T19:31:30+00:00\",\"breadcrumb\":{\"@id\":\"https:\/\/www.themediamgroup.com\/blog\/blog\/diego-camacho-stern-power-tv-by-mediam\/#breadcrumb\"},\"inLanguage\":\"es\",\"potentialAction\":[{\"@type\":\"ReadAction\",\"target\":[\"https:\/\/www.themediamgroup.com\/blog\/blog\/diego-camacho-stern-power-tv-by-mediam\/\"]}]},{\"@type\":\"ImageObject\",\"inLanguage\":\"es\",\"@id\":\"https:\/\/www.themediamgroup.com\/blog\/blog\/diego-camacho-stern-power-tv-by-mediam\/#primaryimage\",\"url\":\"https:\/\/www.themediamgroup.com\/blog\/wp-content\/uploads\/2025\/04\/Banner_-Diego-Camacho-copia-1.webp\",\"contentUrl\":\"https:\/\/www.themediamgroup.com\/blog\/wp-content\/uploads\/2025\/04\/Banner_-Diego-Camacho-copia-1.webp\",\"width\":1200,\"height\":800},{\"@type\":\"BreadcrumbList\",\"@id\":\"https:\/\/www.themediamgroup.com\/blog\/blog\/diego-camacho-stern-power-tv-by-mediam\/#breadcrumb\",\"itemListElement\":[{\"@type\":\"ListItem\",\"position\":1,\"name\":\"Home\",\"item\":\"https:\/\/www.themediamgroup.com\/blog\/\"},{\"@type\":\"ListItem\",\"position\":2,\"name\":\"Diego Camacho Stern se suma a Mediam by Aleph como nuevo Head of Sales Power TV Latam\"}]},{\"@type\":\"WebSite\",\"@id\":\"https:\/\/www.themediamgroup.com\/blog\/#website\",\"url\":\"https:\/\/www.themediamgroup.com\/blog\/\",\"name\":\"Blog - Mediam Group by Aleph\",\"description\":\"Blog con espectacular contenido digital\",\"publisher\":{\"@id\":\"https:\/\/www.themediamgroup.com\/blog\/#organization\"},\"potentialAction\":[{\"@type\":\"SearchAction\",\"target\":{\"@type\":\"EntryPoint\",\"urlTemplate\":\"https:\/\/www.themediamgroup.com\/blog\/?s={search_term_string}\"},\"query-input\":{\"@type\":\"PropertyValueSpecification\",\"valueRequired\":true,\"valueName\":\"search_term_string\"}}],\"inLanguage\":\"es\"},{\"@type\":\"Organization\",\"@id\":\"https:\/\/www.themediamgroup.com\/blog\/#organization\",\"name\":\"Blog - Mediam Group by Aleph\",\"url\":\"https:\/\/www.themediamgroup.com\/blog\/\",\"logo\":{\"@type\":\"ImageObject\",\"inLanguage\":\"es\",\"@id\":\"https:\/\/www.themediamgroup.com\/blog\/#\/schema\/logo\/image\/\",\"url\":\"https:\/\/www.themediamgroup.com\/blog\/wp-content\/uploads\/2024\/10\/logo-themediamgroup.png\",\"contentUrl\":\"https:\/\/www.themediamgroup.com\/blog\/wp-content\/uploads\/2024\/10\/logo-themediamgroup.png\",\"width\":512,\"height\":512,\"caption\":\"Blog - Mediam Group by Aleph\"},\"image\":{\"@id\":\"https:\/\/www.themediamgroup.com\/blog\/#\/schema\/logo\/image\/\"},\"sameAs\":[\"https:\/\/www.facebook.com\/themediamgroup\/\",\"https:\/\/x.com\/MediamGroup\",\"https:\/\/www.linkedin.com\/company\/mediam-group\/\",\"https:\/\/www.instagram.com\/mediam.group\/\",\"https:\/\/www.youtube.com\/@themediamgroup\"]},{\"@type\":\"Person\",\"@id\":\"https:\/\/www.themediamgroup.com\/blog\/#\/schema\/person\/26d8d651ed2e6c25ef431ac6f6a8320c\",\"name\":\"Michelle Barrera\",\"image\":{\"@type\":\"ImageObject\",\"inLanguage\":\"es\",\"@id\":\"https:\/\/www.themediamgroup.com\/blog\/#\/schema\/person\/image\/\",\"url\":\"https:\/\/secure.gravatar.com\/avatar\/c8344ee4c3bc8314ec29d851e5eef5b6?s=96&d=mm&r=g\",\"contentUrl\":\"https:\/\/secure.gravatar.com\/avatar\/c8344ee4c3bc8314ec29d851e5eef5b6?s=96&d=mm&r=g\",\"caption\":\"Michelle Barrera\"},\"url\":\"https:\/\/www.themediamgroup.com\/blog\/author\/michelle\/\"}]}<\/script>\n<!-- \/ Yoast SEO plugin. -->","yoast_head_json":{"title":"Diego Camacho Stern se suma a Mediam by Aleph como nuevo Head of Sales Power TV Latam - Blog - The Mediam Group by Aleph","robots":{"index":"index","follow":"follow","max-snippet":"max-snippet:-1","max-image-preview":"max-image-preview:large","max-video-preview":"max-video-preview:-1"},"canonical":"https:\/\/www.themediamgroup.com\/blog\/blog\/diego-camacho-stern-power-tv-by-mediam\/","og_locale":"es_ES","og_type":"article","og_title":"Diego Camacho Stern se suma a Mediam by Aleph como nuevo Head of Sales Power TV Latam - Blog - The Mediam Group by Aleph","og_description":"Con m\u00e1s de 14 a\u00f1os de experiencia en CPG, ecommerce y medios digitales, Diego liderar\u00e1 la estrategia comercial y el desarrollo de Power TV en la regi\u00f3n. Ciudad de M\u00e9xico, abril de 2025 \u2014 Mediam by Aleph, la compa\u00f1\u00eda l\u00edder en soluciones publicitarias en CTV en Am\u00e9rica Latina, anuncia la incorporaci\u00f3n de Diego Camacho Stern [&hellip;]","og_url":"https:\/\/www.themediamgroup.com\/blog\/blog\/diego-camacho-stern-power-tv-by-mediam\/","og_site_name":"Blog - The Mediam Group by Aleph","article_publisher":"https:\/\/www.facebook.com\/themediamgroup\/","article_published_time":"2025-04-29T18:23:16+00:00","article_modified_time":"2025-04-29T19:31:30+00:00","og_image":[{"width":1200,"height":800,"url":"https:\/\/www.themediamgroup.com\/blog\/wp-content\/uploads\/2025\/04\/Banner_-Diego-Camacho-copia-1.webp","type":"image\/webp"}],"author":"Michelle Barrera","twitter_card":"summary_large_image","twitter_creator":"@MediamGroup","twitter_site":"@MediamGroup","twitter_misc":{"Escrito por":"Michelle Barrera","Tiempo de lectura":"2 minutos"},"schema":{"@context":"https:\/\/schema.org","@graph":[{"@type":"Article","@id":"https:\/\/www.themediamgroup.com\/blog\/blog\/diego-camacho-stern-power-tv-by-mediam\/#article","isPartOf":{"@id":"https:\/\/www.themediamgroup.com\/blog\/blog\/diego-camacho-stern-power-tv-by-mediam\/"},"author":{"name":"Michelle Barrera","@id":"https:\/\/www.themediamgroup.com\/blog\/#\/schema\/person\/26d8d651ed2e6c25ef431ac6f6a8320c"},"headline":"Diego Camacho Stern se suma a Mediam by Aleph como nuevo Head of Sales Power TV Latam","datePublished":"2025-04-29T18:23:16+00:00","dateModified":"2025-04-29T19:31:30+00:00","mainEntityOfPage":{"@id":"https:\/\/www.themediamgroup.com\/blog\/blog\/diego-camacho-stern-power-tv-by-mediam\/"},"wordCount":488,"publisher":{"@id":"https:\/\/www.themediamgroup.com\/blog\/#organization"},"image":{"@id":"https:\/\/www.themediamgroup.com\/blog\/blog\/diego-camacho-stern-power-tv-by-mediam\/#primaryimage"},"thumbnailUrl":"https:\/\/www.themediamgroup.com\/blog\/wp-content\/uploads\/2025\/04\/Banner_-Diego-Camacho-copia-1.webp","articleSection":["Blog","Noticias"],"inLanguage":"es"},{"@type":"WebPage","@id":"https:\/\/www.themediamgroup.com\/blog\/blog\/diego-camacho-stern-power-tv-by-mediam\/","url":"https:\/\/www.themediamgroup.com\/blog\/blog\/diego-camacho-stern-power-tv-by-mediam\/","name":"Diego Camacho Stern se suma a Mediam by Aleph como nuevo Head of Sales Power TV Latam - Blog - The Mediam Group by Aleph","isPartOf":{"@id":"https:\/\/www.themediamgroup.com\/blog\/#website"},"primaryImageOfPage":{"@id":"https:\/\/www.themediamgroup.com\/blog\/blog\/diego-camacho-stern-power-tv-by-mediam\/#primaryimage"},"image":{"@id":"https:\/\/www.themediamgroup.com\/blog\/blog\/diego-camacho-stern-power-tv-by-mediam\/#primaryimage"},"thumbnailUrl":"https:\/\/www.themediamgroup.com\/blog\/wp-content\/uploads\/2025\/04\/Banner_-Diego-Camacho-copia-1.webp","datePublished":"2025-04-29T18:23:16+00:00","dateModified":"2025-04-29T19:31:30+00:00","breadcrumb":{"@id":"https:\/\/www.themediamgroup.com\/blog\/blog\/diego-camacho-stern-power-tv-by-mediam\/#breadcrumb"},"inLanguage":"es","potentialAction":[{"@type":"ReadAction","target":["https:\/\/www.themediamgroup.com\/blog\/blog\/diego-camacho-stern-power-tv-by-mediam\/"]}]},{"@type":"ImageObject","inLanguage":"es","@id":"https:\/\/www.themediamgroup.com\/blog\/blog\/diego-camacho-stern-power-tv-by-mediam\/#primaryimage","url":"https:\/\/www.themediamgroup.com\/blog\/wp-content\/uploads\/2025\/04\/Banner_-Diego-Camacho-copia-1.webp","contentUrl":"https:\/\/www.themediamgroup.com\/blog\/wp-content\/uploads\/2025\/04\/Banner_-Diego-Camacho-copia-1.webp","width":1200,"height":800},{"@type":"BreadcrumbList","@id":"https:\/\/www.themediamgroup.com\/blog\/blog\/diego-camacho-stern-power-tv-by-mediam\/#breadcrumb","itemListElement":[{"@type":"ListItem","position":1,"name":"Home","item":"https:\/\/www.themediamgroup.com\/blog\/"},{"@type":"ListItem","position":2,"name":"Diego Camacho Stern se suma a Mediam by Aleph como nuevo Head of Sales Power TV Latam"}]},{"@type":"WebSite","@id":"https:\/\/www.themediamgroup.com\/blog\/#website","url":"https:\/\/www.themediamgroup.com\/blog\/","name":"Blog - Mediam Group by Aleph","description":"Blog con espectacular contenido digital","publisher":{"@id":"https:\/\/www.themediamgroup.com\/blog\/#organization"},"potentialAction":[{"@type":"SearchAction","target":{"@type":"EntryPoint","urlTemplate":"https:\/\/www.themediamgroup.com\/blog\/?s={search_term_string}"},"query-input":{"@type":"PropertyValueSpecification","valueRequired":true,"valueName":"search_term_string"}}],"inLanguage":"es"},{"@type":"Organization","@id":"https:\/\/www.themediamgroup.com\/blog\/#organization","name":"Blog - Mediam Group by Aleph","url":"https:\/\/www.themediamgroup.com\/blog\/","logo":{"@type":"ImageObject","inLanguage":"es","@id":"https:\/\/www.themediamgroup.com\/blog\/#\/schema\/logo\/image\/","url":"https:\/\/www.themediamgroup.com\/blog\/wp-content\/uploads\/2024\/10\/logo-themediamgroup.png","contentUrl":"https:\/\/www.themediamgroup.com\/blog\/wp-content\/uploads\/2024\/10\/logo-themediamgroup.png","width":512,"height":512,"caption":"Blog - Mediam Group by Aleph"},"image":{"@id":"https:\/\/www.themediamgroup.com\/blog\/#\/schema\/logo\/image\/"},"sameAs":["https:\/\/www.facebook.com\/themediamgroup\/","https:\/\/x.com\/MediamGroup","https:\/\/www.linkedin.com\/company\/mediam-group\/","https:\/\/www.instagram.com\/mediam.group\/","https:\/\/www.youtube.com\/@themediamgroup"]},{"@type":"Person","@id":"https:\/\/www.themediamgroup.com\/blog\/#\/schema\/person\/26d8d651ed2e6c25ef431ac6f6a8320c","name":"Michelle Barrera","image":{"@type":"ImageObject","inLanguage":"es","@id":"https:\/\/www.themediamgroup.com\/blog\/#\/schema\/person\/image\/","url":"https:\/\/secure.gravatar.com\/avatar\/c8344ee4c3bc8314ec29d851e5eef5b6?s=96&d=mm&r=g","contentUrl":"https:\/\/secure.gravatar.com\/avatar\/c8344ee4c3bc8314ec29d851e5eef5b6?s=96&d=mm&r=g","caption":"Michelle Barrera"},"url":"https:\/\/www.themediamgroup.com\/blog\/author\/michelle\/"}]}},"_links":{"self":[{"href":"https:\/\/www.themediamgroup.com\/blog\/wp-json\/wp\/v2\/posts\/1242","targetHints":{"allow":["GET"]}}],"collection":[{"href":"https:\/\/www.themediamgroup.com\/blog\/wp-json\/wp\/v2\/posts"}],"about":[{"href":"https:\/\/www.themediamgroup.com\/blog\/wp-json\/wp\/v2\/types\/post"}],"author":[{"embeddable":true,"href":"https:\/\/www.themediamgroup.com\/blog\/wp-json\/wp\/v2\/users\/4"}],"replies":[{"embeddable":true,"href":"https:\/\/www.themediamgroup.com\/blog\/wp-json\/wp\/v2\/comments?post=1242"}],"version-history":[{"count":2,"href":"https:\/\/www.themediamgroup.com\/blog\/wp-json\/wp\/v2\/posts\/1242\/revisions"}],"predecessor-version":[{"id":1247,"href":"https:\/\/www.themediamgroup.com\/blog\/wp-json\/wp\/v2\/posts\/1242\/revisions\/1247"}],"wp:featuredmedia":[{"embeddable":true,"href":"https:\/\/www.themediamgroup.com\/blog\/wp-json\/wp\/v2\/media\/1249"}],"wp:attachment":[{"href":"https:\/\/www.themediamgroup.com\/blog\/wp-json\/wp\/v2\/media?parent=1242"}],"wp:term":[{"taxonomy":"category","embeddable":true,"href":"https:\/\/www.themediamgroup.com\/blog\/wp-json\/wp\/v2\/categories?post=1242"},{"taxonomy":"post_tag","embeddable":true,"href":"https:\/\/www.themediamgroup.com\/blog\/wp-json\/wp\/v2\/tags?post=1242"}],"curies":[{"name":"wp","href":"https:\/\/api.w.org\/{rel}","templated":true}]}}